{"id":895,"date":"2026-08-22T12:40:02","date_gmt":"2026-08-22T15:40:02","guid":{"rendered":"https:\/\/afcuritiba.com.br\/blog\/?p=895"},"modified":"2026-08-22T12:40:04","modified_gmt":"2026-08-22T15:40:04","slug":"confira-a-programacao-da-alianca-francesa-no-prudente-cultural","status":"publish","type":"post","link":"https:\/\/afcuritiba.com.br\/blog\/confira-a-programacao-da-alianca-francesa-no-prudente-cultural\/","title":{"rendered":"Confira a programa\u00e7\u00e3o da Alian\u00e7a Francesa no Prudente Cultural"},"content":{"rendered":"\n<p class=\"wp-block-paragraph\">Neste s\u00e1bado, 22 de agosto, a Alian\u00e7a Francesa de Curitiba recebe uma programa\u00e7\u00e3o especial durante o Prudente Cultural. Confira os hor\u00e1rios e locais das atividades:<\/p>\n\n\n\n<h2 class=\"wp-block-heading\">Programa\u00e7\u00e3o da Alian\u00e7a Francesa<\/h2>\n\n\n\n<ul class=\"wp-block-list\">\n<li><strong>09h \u00e0s 12h30<\/strong> \u2014 Tour Curitiba Francesa<\/li>\n\n\n\n<li><strong>13h \u00e0s 14h<\/strong> \u2014 Oportunidade de estudos na Fran\u00e7a \u2014 <strong>Sala 2<\/strong><\/li>\n\n\n\n<li><strong>14h \u00e0s 15h<\/strong> \u2014 Jean de La Fontaine \u2014 leitura e escrita criativa em franc\u00eas \u2014 <strong>Sala 10<\/strong><\/li>\n\n\n\n<li><strong>15h \u00e0s 16h<\/strong> \u2014 Bonjour Paris \u2014 <strong>Sala 3<\/strong><\/li>\n\n\n\n<li><strong>15h \u00e0s 16h<\/strong> \u2014 Henri Cartier Bresson, a hist\u00f3ria de um olhar \u2014 <strong>Sala 2<\/strong><\/li>\n\n\n\n<li><strong>15h \u00e0s 16h<\/strong> \u2014 Traduzindo express\u00f5es francesas \u2014 <strong>Sala 8<\/strong><\/li>\n\n\n\n<li><strong>15h \u00e0s 17h<\/strong> \u2014 Atelier Origami \u2014 <strong>Mediateca<\/strong><\/li>\n\n\n\n<li><strong>16h \u00e0s 17h<\/strong> \u2014 Les Ch\u00e2teaux de la Loire \u2014 <strong>Sala 3<\/strong><\/li>\n\n\n\n<li><strong>17h30 \u00e0s 18h30<\/strong> \u2014 Caf\u00e9 Institucional \u2014 <strong>Sala 7<\/strong><\/li>\n<\/ul>\n\n\n\n<h2 class=\"wp-block-heading\">Ateliers gastron\u00f4micos<\/h2>\n\n\n\n<ul class=\"wp-block-list\">\n<li><strong>13h \u00e0s 14h<\/strong> \u2014 <strong>SENAC<\/strong> Quiche Lorraine \u2014 <strong>Cuisine AF<\/strong> <\/li>\n\n\n\n<li><strong>15h \u00e0s 16h<\/strong> \u2014 <strong>SENAC<\/strong> Madeleine \u2014 <strong>Cuisine AF<\/strong><\/li>\n\n\n\n<li><strong>17h \u00e0s 18h<\/strong> \u2014 Monsieur fortificado \u2014 desvendando o mundo dos vinhos fortificados \u2014 <strong>Cuisine AF<\/strong><\/li>\n<\/ul>\n","protected":false},"excerpt":{"rendered":"<p>Neste s\u00e1bado, 22 de agosto, a Alian\u00e7a Francesa de Curitiba recebe uma programa\u00e7\u00e3o especial durante o Prudente Cultural. Confira os hor\u00e1rios e locais das atividades: Programa\u00e7\u00e3o da Alian\u00e7a Francesa Ateliers gastron\u00f4micos<\/p>\n","protected":false},"author":7,"featured_media":896,"comment_status":"closed","ping_status":"open","sticky":false,"template":"","format":"standard","meta":{"footnotes":""},"categories":[1],"tags":[],"class_list":["post-895","post","type-post","status-publish","format-standard","has-post-thumbnail","hentry","category-sem-categoria"],"_links":{"self":[{"href":"https:\/\/afcuritiba.com.br\/blog\/wp-json\/wp\/v2\/posts\/895","targetHints":{"allow":["GET"]}}],"collection":[{"href":"https:\/\/afcuritiba.com.br\/blog\/wp-json\/wp\/v2\/posts"}],"about":[{"href":"https:\/\/afcuritiba.com.br\/blog\/wp-json\/wp\/v2\/types\/post"}],"author":[{"embeddable":true,"href":"https:\/\/afcuritiba.com.br\/blog\/wp-json\/wp\/v2\/users\/7"}],"replies":[{"embeddable":true,"href":"https:\/\/afcuritiba.com.br\/blog\/wp-json\/wp\/v2\/comments?post=895"}],"version-history":[{"count":1,"href":"https:\/\/afcuritiba.com.br\/blog\/wp-json\/wp\/v2\/posts\/895\/revisions"}],"predecessor-version":[{"id":897,"href":"https:\/\/afcuritiba.com.br\/blog\/wp-json\/wp\/v2\/posts\/895\/revisions\/897"}],"wp:featuredmedia":[{"embeddable":true,"href":"https:\/\/afcuritiba.com.br\/blog\/wp-json\/wp\/v2\/media\/896"}],"wp:attachment":[{"href":"https:\/\/afcuritiba.com.br\/blog\/wp-json\/wp\/v2\/media?parent=895"}],"wp:term":[{"taxonomy":"category","embeddable":true,"href":"https:\/\/afcuritiba.com.br\/blog\/wp-json\/wp\/v2\/categories?post=895"},{"taxonomy":"post_tag","embeddable":true,"href":"https:\/\/afcuritiba.com.br\/blog\/wp-json\/wp\/v2\/tags?post=895"}],"curies":[{"name":"wp","href":"https:\/\/api.w.org\/{rel}","templated":true}]}}